{"id":31,"date":"1997-02-02T23:25:13","date_gmt":"1997-02-02T22:25:13","guid":{"rendered":"http:\/\/www.susanneayoub.at\/?p=31"},"modified":"2016-04-20T23:40:52","modified_gmt":"2016-04-20T21:40:52","slug":"eichmanns-erben","status":"publish","type":"post","link":"https:\/\/www.susanneayoub.at\/en\/eichmanns-erben\/","title":{"rendered":"Eichmanns Erben"},"content":{"rendered":"<h3>Theaterst\u00fcck (Koautor Kurt Raubal)<br \/>UA Kunsthalle Krems 1997<\/h3>\n<p><!--more--><figure id=\"attachment_216\" style=\"width: 250px\"  class=\"wp-caption alignnone\"><a href=\"http:\/\/www.susanneayoub.at\/eichmanns-erben\/eichmanns-erben-presse\/\"><img loading=\"lazy\" decoding=\"async\" class=\"wp-image-216 size-medium\" src=\"http:\/\/www.susanneayoub.at\/wp-content\/uploads\/2016\/02\/Eichmanns-Erben-Presse-250x188.jpg\" alt=\"&quot;Ich habe gehorcht. Egal, was man mir befohlen h\u00e4tte, ich h\u00e4tte gehorcht. Ich habe gehorcht, ich habe gehorcht.&quot;\" width=\"250\" height=\"188\" srcset=\"https:\/\/www.susanneayoub.at\/wp-content\/uploads\/2016\/02\/Eichmanns-Erben-Presse-250x188.jpg 250w, https:\/\/www.susanneayoub.at\/wp-content\/uploads\/2016\/02\/Eichmanns-Erben-Presse-1024x768.jpg 1024w, https:\/\/www.susanneayoub.at\/wp-content\/uploads\/2016\/02\/Eichmanns-Erben-Presse-1200x900.jpg 1200w\" sizes=\"auto, (max-width: 250px) 85vw, 250px\" \/><\/a><figcaption class=\"wp-caption-text\">&#8220;Ich habe gehorcht. Egal, was man mir befohlen h\u00e4tte, ich h\u00e4tte gehorcht. Ich habe gehorcht, ich habe gehorcht.&#8221;<\/figcaption><\/figure><\/p>\n<p>Das Theaterst\u00fcck \u201eEichmanns Erben\u201c von Susanne Ayoub und Kurt Raubal ist 1997 entstanden und wurde im Oktober und November des gleichen Jahres in der Kunsthalle Krems und in Langenlois uraufgef\u00fchrt. In verschiedenen Fassungen wurde es inzwischen mehrmals gezeigt, zuletzt als die Leseperformance mit Livemusik: \u201eEichmann im Jenseits\u201c, 2008.<\/p>\n<p>\u201eEichmanns Erben\u201c handelt von der gro\u00dfen Politik und den kleinen privaten Verh\u00e4ltnissen &#8211; ein Kaleidoskop von Bildern, Figuren und Geschichten. Knappe, fragmentarische Szenen spannen den Bogen von der \u00f6sterreichischen Nachkriegszeit bis zur Gegenwart.<\/p>\n<p>&nbsp;<\/p>\n<p><span style=\"color: #808080;\"><em> \u201eIch habe gehorcht. Egal, was man mir befohlen h\u00e4tte, ich h\u00e4tte gehorcht. Heute hat man sich zu verantworten deswegen, weil man eingedenk des Eides gehorcht hat. H\u00e4tte ich aber damals nicht gehorcht, w\u00e4re ich damals bestraft worden. Also wie\u2019s auch immer ausl\u00e4uft, schlecht ist es auf jeden Fall, wenn man irgendwie einen Eid leistet.\u201c<\/em><\/span><\/p>\n<p>&nbsp;<\/p>\n<p>Dieses Zitat von Adolf Eichmann steht am Anfang des St\u00fcckes. Der Krieg ist vorbei, aber die Eichmannsche Gesinnung lebt weiter. In vielerlei Gestalt, damals wie heute:<\/p>\n<ul>\n<li>Der kleine Beamte, der in der Abteilung Opferf\u00fcrsorge Dienst nach Vorschrift macht;<\/li>\n<li>die Hausmeisterin, die mit der KZ-Nummer der Heimkehrerin ihr Gl\u00fcck im Lotto versucht;<\/li>\n<li>der Ariseur, der sich als Opfer der Verh\u00e4ltnisse f\u00fchlt;<\/li>\n<li>der Sch\u00fcler, der seinen Lehrer fragt, warum die Menschen am Heldenplatz so begeistert waren;<\/li>\n<li>die junge Frau, die nicht wei\u00df, was Juden sind;<\/li>\n<li>die Nachfahren, die aus dem Dilemma schuldlos-schuldig nicht herausfinden und die anderen, die nichts mehr davon h\u00f6ren wollen.<\/li>\n<\/ul>\n<p>&nbsp;<\/p>\n<figure id=\"attachment_217\" style=\"width: 250px\"  class=\"wp-caption alignleft\"><a href=\"http:\/\/www.susanneayoub.at\/eichmanns-erben\/eichmanns-erben-versteckt\/\"><img loading=\"lazy\" decoding=\"async\" class=\"wp-image-217\" src=\"http:\/\/www.susanneayoub.at\/wp-content\/uploads\/2016\/02\/Eichmanns-Erben-versteckt-250x188.jpg\" alt=\"Skandal in Langenlois\" width=\"250\" height=\"185\" \/><\/a><figcaption class=\"wp-caption-text\">Skandal in Langenlois<\/figcaption><\/figure>\n<figure id=\"attachment_223\" style=\"width: 250px\"  class=\"wp-caption alignleft\"><a href=\"http:\/\/www.susanneayoub.at\/eichmanns-erben\/eichmann-einladungskarte\/\" rel=\"attachment wp-att-223\"><img loading=\"lazy\" decoding=\"async\" class=\"wp-image-223 size-medium\" src=\"http:\/\/www.susanneayoub.at\/wp-content\/uploads\/2016\/02\/Eichmann-Einladungskarte-250x185.jpg\" alt=\"Eichmann im Jenseits\" width=\"250\" height=\"185\" srcset=\"https:\/\/www.susanneayoub.at\/wp-content\/uploads\/2016\/02\/Eichmann-Einladungskarte-250x185.jpg 250w, https:\/\/www.susanneayoub.at\/wp-content\/uploads\/2016\/02\/Eichmann-Einladungskarte-1024x757.jpg 1024w, https:\/\/www.susanneayoub.at\/wp-content\/uploads\/2016\/02\/Eichmann-Einladungskarte-1200x887.jpg 1200w, https:\/\/www.susanneayoub.at\/wp-content\/uploads\/2016\/02\/Eichmann-Einladungskarte.jpg 1611w\" sizes=\"auto, (max-width: 250px) 85vw, 250px\" \/><\/a><figcaption class=\"wp-caption-text\">Eichmann im Jenseits<\/figcaption><\/figure>\n<p>&nbsp;<\/p>\n<blockquote style=\"clear: both; margin-top: 1rem;\"><p>HEIMKEHR \/ K\u00d6STLERGASSE<br \/>\nAnna steht vor einem Schutthaufen. Der Hausmeister aus dem Haus gegen\u00fcber erscheint mit einem Besen in der Hand.<\/p>\n<p>HAUSMEISTER:<br \/>\nSuchen Sie was?<\/p>\n<p>ANNA:<br \/>\n&#8230;Ich habe einmal hier gewohnt.<\/p>\n<p>HAUSMEISTER:<br \/>\n(deutet auf den Schutthaufen)<\/p>\n<p>Auf Nummer 9? Die waren alle tot. Im Keller versch\u00fcttet. Da habens ein Gl\u00fcck gehabt, dass Sie&#8230;(mustert Anna) Muss aber schon l\u00e4nger her sein, ich bin seit 8 Jahren hier Hausbesorger &#8211; Sie sehe ich zum ersten Mal?<\/p>\n<p>ANNA:<br \/>\nBis 1938.<\/p>\n<p>HAUSMEISTER:<br \/>\n(versteht &#8211; nach einer kurzen Pause) Naja, also da habens nix vers\u00e4umt. Sie sehen ja selbst, wies uns ergangen ist. Die ganze Stadt haben sie uns zusammengebombt, kein Stein steht auf dem anderen, nichts Gescheites zum Fressen, seit Jahren schon, nichts zum Anziehen, die M\u00e4nner an der Front. Nur Elend und Not, das kann sich keiner vorstellen, der das nicht mitgemacht hat. Sie k\u00f6nnen froh sein, Frau&#8230;Was schauens mich denn so an?<\/p>\n<p>ANNA:<br \/>\nIch war in Ravensbr\u00fcck.<\/p>\n<p>HAUSMEISTER:<br \/>\nDas kenn ich nicht, wo ist das?<\/p>\n<p>ANNA:<br \/>\nIch war im Konzentrationslager.<\/p>\n<p>HAUSMEISTER:<br \/>\nAch so&#8230;Da habens aber ein Gl\u00fcck gehabt&#8230;<\/p>\n<p>ANNA:<br \/>\nMeine Eltern sind in Auschwitz&#8230;gestorben&#8230;<\/p>\n<p>HAUSMEISTER:<br \/>\nAber Sie habens wenigstens \u00fcberlebt, ich sag ja, ein Gl\u00fcck haben Sie gehabt. Sie sind wieder da. Wir haben alle leiden m\u00fcssen, schrecklich war das alles, ganz entsetzlich. Das kann sich keiner vorstellen &#8211; (seufzt auf) &#8211; aber jetzt ist es vorbei.<\/p>\n<p>Anna steht mit gesenktem Kopf da. Der Hausmeister spricht weiter auf sie ein, tr\u00f6stend und pl\u00e4dierend.<\/p>\n<p>HAUSMEISTER:<br \/>\nEndlich Frieden. Jetzt m\u00fcssen wir eben wieder ganz von vorne anfangen, alle miteinander. Was bleibt uns auch anderes \u00fcbrig, nicht wahr? &#8211; Was haben Sie denn da f\u00fcr eine Nummer am Arm?<\/p>\n<p>ANNA:<br \/>\nDas ist meine KZ-Nummer.<\/p>\n<p>Der Hausmeister betrachtet die T\u00e4towierung mit Interesse.<\/p>\n<p>HAUSMEISTER:<br \/>\nSo was&#8230;Und da hat ein jeder so eine Nummer eingestanzt gekriegt&#8230;So was&#8230;<\/p>\n<p>Der Hausmeister stellt den Besen weg und kramt in seinen Hosentaschen.<\/p>\n<p>HAUSMEISTER:<br \/>\nHabens vielleicht was zum Schreiben? Gehns, w\u00e4rens so&#8230; Ah, da hab ich eh was\u2026<\/p>\n<p>Er findet einen Bleistift und ein zerdr\u00fccktes St\u00fcck Papier in der Tasche.<\/p>\n<p>HAUSMEISTER:<br \/>\nT\u00e4ts Ihnen was ausmachen, wenn ich mir die Nummer aufschreiben m\u00f6cht&#8230;?<\/p>\n<p>ANNA:<br \/>\nAber wozu denn?<\/p>\n<p>HAUSMEISTER:<br \/>\n(schreibt, spricht die Ziffern laut mit) Sieben&#8230;Ich spiel n\u00e4mlich&#8230;8&#8230;3&#8230;Ich spiel n\u00e4mlich im Lotto&#8230;So, jetzt hab ichs&#8230;Na, und wer wei\u00df, vielleicht hab ich auch einmal ein Gl\u00fcck?<\/p>\n<p>Anna sieht ihn fassungslos an.<\/p><\/blockquote>\n<p><a href=\"https:\/\/picasaweb.google.com\/susanneupeter\/EichmannImJenseits\" target=\"_blank\">Link zur Fotogalerie &gt;<\/a><\/p>\n","protected":false},"excerpt":{"rendered":"<p>Theaterst\u00fcck (Koautor Kurt Raubal)UA Kunsthalle Krems 1997<\/p>\n","protected":false},"author":3,"featured_media":221,"comment_status":"closed","ping_status":"open","sticky":false,"template":"","format":"standard","meta":{"footnotes":""},"categories":[4],"tags":[],"class_list":["post-31","post","type-post","status-publish","format-standard","has-post-thumbnail","hentry","category-theatre"],"_links":{"self":[{"href":"https:\/\/www.susanneayoub.at\/en\/wp-json\/wp\/v2\/posts\/31","targetHints":{"allow":["GET"]}}],"collection":[{"href":"https:\/\/www.susanneayoub.at\/en\/wp-json\/wp\/v2\/posts"}],"about":[{"href":"https:\/\/www.susanneayoub.at\/en\/wp-json\/wp\/v2\/types\/post"}],"author":[{"embeddable":true,"href":"https:\/\/www.susanneayoub.at\/en\/wp-json\/wp\/v2\/users\/3"}],"replies":[{"embeddable":true,"href":"https:\/\/www.susanneayoub.at\/en\/wp-json\/wp\/v2\/comments?post=31"}],"version-history":[{"count":31,"href":"https:\/\/www.susanneayoub.at\/en\/wp-json\/wp\/v2\/posts\/31\/revisions"}],"predecessor-version":[{"id":911,"href":"https:\/\/www.susanneayoub.at\/en\/wp-json\/wp\/v2\/posts\/31\/revisions\/911"}],"wp:featuredmedia":[{"embeddable":true,"href":"https:\/\/www.susanneayoub.at\/en\/wp-json\/wp\/v2\/media\/221"}],"wp:attachment":[{"href":"https:\/\/www.susanneayoub.at\/en\/wp-json\/wp\/v2\/media?parent=31"}],"wp:term":[{"taxonomy":"category","embeddable":true,"href":"https:\/\/www.susanneayoub.at\/en\/wp-json\/wp\/v2\/categories?post=31"},{"taxonomy":"post_tag","embeddable":true,"href":"https:\/\/www.susanneayoub.at\/en\/wp-json\/wp\/v2\/tags?post=31"}],"curies":[{"name":"wp","href":"https:\/\/api.w.org\/{rel}","templated":true}]}}